{"id":1298,"date":"2014-09-09T10:08:40","date_gmt":"2014-09-09T15:08:40","guid":{"rendered":"http:\/\/telesystem.ca\/?p=1298"},"modified":"2014-09-09T10:11:30","modified_gmt":"2014-09-09T15:11:30","slug":"charles-sirois-a-la-chambre-de-commerce-du-montreal-metropolitain","status":"publish","type":"post","link":"https:\/\/telesystem.ca\/fr\/non-classifiee\/charles-sirois-a-la-chambre-de-commerce-du-montreal-metropolitain\/","title":{"rendered":"Charles Sirois \u00e0 la Chambre de commerce du Montr\u00e9al M\u00e9tropolitain"},"content":{"rendered":"<p>Le 16 septembre prochain, Charles Sirois, pr\u00e9sident du conseil et fondateur de Telesystem, participe \u00e0 une table ronde sur les enjeux \u00e9conomiques internationaux \u00e0 la Chambre de commerce du Montr\u00e9al M\u00e9tropolitain.<\/p>\n<p>Pour acheter des billets : <a href=\"https:\/\/www.linkedin.com\/company\/758579\/redirect?url=http%3A%2F%2Flnkd%2Ein%2FdSTPZHd&amp;urlhash=zv-z&amp;actionToken=isFolloweeOfPoster%3Dfalse%26aggregationType%3Dnone%26actorType%3Dlinkedin%3Acompany%26feedPosition%3D1%26pageKey%3Dbiz_company_feed_mapper_first_load%26contextId%3D6YMkPcdNkhOwD2if2ioAAA%3D%3D%26verbType%3Dlinkedin%3Ashare%26isDigested%3Dfalse%26rowPosition%3D1%26objectType%3Dlinkedin%3Aarticle%26activityId%3Dactivity%3A5915118679170781184%26actorId%3Dcompany%3A758579%26isPublic%3Dtrue%26model%3Dnull%26objectId%3Darticle%3A7490165761158065535%26distanceFromViewer%3D-1%26isSponsored%3Dfalse%26moduleKey%3Dcompany_feed\" target=\"_blank\" rel=\"nofollow\">http:\/\/lnkd.in\/dSTPZHd<\/a>.<\/p>\n","protected":false},"excerpt":{"rendered":"<p>Le 16 septembre prochain, Charles Sirois, pr\u00e9sident du conseil et fondateur de Telesystem, participe \u00e0 une table ronde sur les enjeux \u00e9conomiques internationaux \u00e0 la Chambre de commerce du Montr\u00e9al M\u00e9tropolitain. Pour acheter des billets : http:\/\/lnkd.in\/dSTPZHd.<\/p>\n","protected":false},"author":2,"featured_media":0,"comment_status":"closed","ping_status":"closed","sticky":false,"template":"","format":"standard","meta":[],"categories":[2],"_links":{"self":[{"href":"https:\/\/telesystem.ca\/fr\/wp-json\/wp\/v2\/posts\/1298"}],"collection":[{"href":"https:\/\/telesystem.ca\/fr\/wp-json\/wp\/v2\/posts"}],"about":[{"href":"https:\/\/telesystem.ca\/fr\/wp-json\/wp\/v2\/types\/post"}],"author":[{"embeddable":true,"href":"https:\/\/telesystem.ca\/fr\/wp-json\/wp\/v2\/users\/2"}],"replies":[{"embeddable":true,"href":"https:\/\/telesystem.ca\/fr\/wp-json\/wp\/v2\/comments?post=1298"}],"version-history":[{"count":2,"href":"https:\/\/telesystem.ca\/fr\/wp-json\/wp\/v2\/posts\/1298\/revisions"}],"predecessor-version":[{"id":1303,"href":"https:\/\/telesystem.ca\/fr\/wp-json\/wp\/v2\/posts\/1298\/revisions\/1303"}],"wp:attachment":[{"href":"https:\/\/telesystem.ca\/fr\/wp-json\/wp\/v2\/media?parent=1298"}],"wp:term":[{"taxonomy":"category","embeddable":true,"href":"https:\/\/telesystem.ca\/fr\/wp-json\/wp\/v2\/categories?post=1298"}],"curies":[{"name":"wp","href":"https:\/\/api.w.org\/{rel}","templated":true}]}}