{"id":2439,"date":"2018-06-08T10:11:06","date_gmt":"2018-06-08T15:11:06","guid":{"rendered":"http:\/\/telesystem.ca\/fr\/?p=2439"},"modified":"2018-06-08T10:11:06","modified_gmt":"2018-06-08T15:11:06","slug":"le-cija-et-la-federation-cija-honorent-m-charles-sirois-eminent-quebecois-avec-le-prix-de-leadership-words-deeds","status":"publish","type":"post","link":"https:\/\/telesystem.ca\/fr\/communiques\/le-cija-et-la-federation-cija-honorent-m-charles-sirois-eminent-quebecois-avec-le-prix-de-leadership-words-deeds\/","title":{"rendered":"Le CIJA et la F\u00e9d\u00e9ration CIJA honorent M. Charles Sirois, \u00e9minent Qu\u00e9b\u00e9cois, avec le prix de leadership Words &amp; Deeds"},"content":{"rendered":"<p>Mardi 5 juin 2018<\/p>\n<div class=\"container\">\n<div class=\"row\">\n<div class=\"col-md-8\">\n<div class=\"content\">\n<p>MONTR\u00c9AL, QC \u2013 Ce soir, le Centre consultatif des relations juives et isra\u00e9liennes (CIJA) a remis son Prix annuel du leadership La parole \u00e0 l\u2019\u0153uvre en reconnaissance des leaders dont la contribution aux causes humanitaires, au pluralisme et au discours civil dans la soci\u00e9t\u00e9 canadienne est exceptionnelle.<\/p>\n<p>Le laur\u00e9at du\u00a0Prix du leadership La parole \u00e0 l\u2019\u0153uvre de 2018 est M. Charles Sirois, un pionnier des t\u00e9l\u00e9communications et un chef de file dans le secteur sans but lucratif. M. Sirois a men\u00e9 des campagnes pour, entre autres, Centraide; ORT, la Fondation qu\u00e9b\u00e9coise du cancer et le Centre du cancer Segal de l\u2019H\u00f4pital g\u00e9n\u00e9ral juif de Montr\u00e9al. Il a \u00e9galement fond\u00e9, avec sa femme Susan McPeak, le Groupe McPeak-Sirois de recherche clinique sur le cancer du sein.<\/p>\n<p>Charles Sirois est un r\u00e9cipiendaire de l\u2019Ordre du Canada, a \u00e9t\u00e9 nomm\u00e9 Chevalier de l\u2019Ordre national du Qu\u00e9bec et intronis\u00e9 au Temple de la renomm\u00e9e des t\u00e9l\u00e9communications du Canada.<\/p>\n<p id=\"FR\/EN: guillemets (\u00ab \u00bb) \/ quotation marks (\u201c \u201d) - usage &amp;amp; punctuation\">\u00ab Ce soir, la communaut\u00e9 juive honore M. Charles Sirois avec le Prix du leadership La parole \u00e0 l\u2019\u0153uvre pour sa contribution remarquable \u00e0 la vie des Qu\u00e9b\u00e9cois et des Canadiens partout au pays \u00bb, a d\u00e9clar\u00e9 David J. Cape, pr\u00e9sident du conseil d\u2019administration du CIJA. \u00abL\u2019engagement de M. Sirois \u00e0 renforcer les soins de sant\u00e9 au Canada gr\u00e2ce \u00e0 la recherche et \u00e0 l\u2019investissement a eu un impact immense et positif sur tant de Canadiens. Nous sommes ravis de le c\u00e9l\u00e9brer ce soir. Au nom du conseil d\u2019administration du CIJA, je le f\u00e9licite d\u2019avoir re\u00e7u cet honneur.\u00bb<\/p>\n<p>\u00ab La vision remarquable de Sirois et son succ\u00e8s dans le domaine des communications, son leadership actif dans le d\u00e9veloppement des entrepreneurs du monde entier et son engagement pour le secteur caritatif font de lui un r\u00e9cipiendaire id\u00e9al du prix\u00a0La parole \u00e0 l\u2019\u0153uvre \u00bb, a d\u00e9clar\u00e9 Joel Reitman, vice-pr\u00e9sident du conseil d\u2019administration du CIJA et co-pr\u00e9sident du\u00a0 prix\u00a0La parole \u00e0 l\u2019\u0153uvre conf\u00e9rence. \u00ab Son engagement ind\u00e9fectible envers le progr\u00e8s et son d\u00e9vouement envers notre communaut\u00e9 t\u00e9moignent de sa force d\u2019esprit. Nous sommes tr\u00e8s heureux de rendre hommage \u00e0 son travail. \u00bb<\/p>\n<p><strong>Information additionnelle:<\/strong><\/p>\n<ul>\n<li>Des centaines de leaders du monde des affaires, de l\u2019enseignement, de la culture et du b\u00e9n\u00e9volat se joignent aux politiciens f\u00e9d\u00e9raux, provinciaux et municipaux pour saluer le d\u00e9vouement de nos laur\u00e9ats pour le d\u00e9veloppement de la soci\u00e9t\u00e9 civile lors de la remise du prix.<\/li>\n<li>Le Prix de leadership prix\u00a0La parole \u00e0 l\u2019\u0153uvre reconna\u00eet les leaders dont la contribution aux causes humanitaires et \u00e0 la tol\u00e9rance, \u00e0 l\u2019inclusion et au discours civil dans la soci\u00e9t\u00e9 canadienne est exceptionnelle. Les r\u00e9cipiendaires du prix sont ceux qui d\u00e9montrent, par leurs paroles et leurs actes, que les efforts d\u2019une seule personne peuvent profiter \u00e0 plusieurs.<\/li>\n<li><a href=\"https:\/\/photos.app.goo.gl\/OrQ7fsHiG25IwCLp2\">Les photos seront disponible ici pendant le soir\u00e9e<\/a><\/li>\n<\/ul>\n<p>&nbsp;<\/p>\n<p><em>Le Centre consultatif des relations juives et isra\u00e9liennes (CIJA) est l\u2019agent de repr\u00e9sentation des F\u00e9d\u00e9rations juives du Canada<\/em><\/p>\n<p style=\"text-align: center\"><em>-30-<\/em><\/p>\n<p><strong>Information:<\/strong><\/p>\n<p>David Ouellette, Directeur, recherche et affaires publiques (Qu\u00e9bec)<br \/>\nLe Centre\u00a0consultatif\u00a0des relations juives et isra\u00e9liennes(CIJA)<br \/>\n514-294-4420 | <a href=\"mailto:douellette@cija.ca\">douellette@cija.ca<\/a><\/p>\n<\/div>\n<\/div>\n<\/div>\n<\/div>\n","protected":false},"excerpt":{"rendered":"<p>Mardi 5 juin 2018 MONTR\u00c9AL, QC \u2013 Ce soir, le Centre consultatif des relations juives et isra\u00e9liennes (CIJA) a remis son Prix annuel du leadership La parole \u00e0 l\u2019\u0153uvre en reconnaissance des leaders dont la contribution aux causes humanitaires, au pluralisme et au discours civil dans la soci\u00e9t\u00e9 canadienne est exceptionnelle. Le laur\u00e9at du\u00a0Prix du [&hellip;]<\/p>\n","protected":false},"author":3,"featured_media":0,"comment_status":"closed","ping_status":"closed","sticky":false,"template":"","format":"standard","meta":[],"categories":[11],"_links":{"self":[{"href":"https:\/\/telesystem.ca\/fr\/wp-json\/wp\/v2\/posts\/2439"}],"collection":[{"href":"https:\/\/telesystem.ca\/fr\/wp-json\/wp\/v2\/posts"}],"about":[{"href":"https:\/\/telesystem.ca\/fr\/wp-json\/wp\/v2\/types\/post"}],"author":[{"embeddable":true,"href":"https:\/\/telesystem.ca\/fr\/wp-json\/wp\/v2\/users\/3"}],"replies":[{"embeddable":true,"href":"https:\/\/telesystem.ca\/fr\/wp-json\/wp\/v2\/comments?post=2439"}],"version-history":[{"count":1,"href":"https:\/\/telesystem.ca\/fr\/wp-json\/wp\/v2\/posts\/2439\/revisions"}],"predecessor-version":[{"id":2440,"href":"https:\/\/telesystem.ca\/fr\/wp-json\/wp\/v2\/posts\/2439\/revisions\/2440"}],"wp:attachment":[{"href":"https:\/\/telesystem.ca\/fr\/wp-json\/wp\/v2\/media?parent=2439"}],"wp:term":[{"taxonomy":"category","embeddable":true,"href":"https:\/\/telesystem.ca\/fr\/wp-json\/wp\/v2\/categories?post=2439"}],"curies":[{"name":"wp","href":"https:\/\/api.w.org\/{rel}","templated":true}]}}