{"id":2861,"date":"2020-01-24T00:00:40","date_gmt":"2020-01-24T05:00:40","guid":{"rendered":"http:\/\/telesystem.ca\/?p=2861\/"},"modified":"2020-02-05T16:38:40","modified_gmt":"2020-02-05T21:38:40","slug":"quebec-accorde-5-m-a-transmission-cvtcorp-pour-laider-a-maximiser-sa-capacite-de-production","status":"publish","type":"post","link":"https:\/\/telesystem.ca\/fr\/communiques\/quebec-accorde-5-m-a-transmission-cvtcorp-pour-laider-a-maximiser-sa-capacite-de-production\/","title":{"rendered":"Qu\u00e9bec accorde 5 M$ \u00e0 Transmission CVTCORP pour l\u2019aider \u00e0 maximiser sa capacit\u00e9 de production"},"content":{"rendered":"<p><strong>Sainte-Julie, le 24 janvier 2020.<\/strong> \u2013 Le gouvernement du Qu\u00e9bec consent une aide financi\u00e8re de 5 millions de dollars sous forme d\u2019une prise de participation \u00e0 l\u2019entreprise Transmission CVTCORP (CVTCORP) afin qu\u2019elle puisse mener \u00e0 terme le d\u00e9veloppement de certains produits et renforcer sa capacit\u00e9 de production. La somme vers\u00e9e pour appuyer ce projet \u00e9valu\u00e9 \u00e0 11,3 millions de dollars a \u00e9t\u00e9 accord\u00e9e dans le cadre du volet Appui aux projets d\u2019investissement du programme ESSOR. \u00c0 terme, ce projet devrait cr\u00e9er 27 emplois bien r\u00e9mun\u00e9r\u00e9s.<\/p>\n<p>Le ministre responsable de l\u2019Administration gouvernementale, pr\u00e9sident du Conseil du tr\u00e9sor et ministre responsable de la r\u00e9gion de la Mont\u00e9r\u00e9gie, M. Christian Dub\u00e9, accompagn\u00e9 de la d\u00e9put\u00e9e de Verch\u00e8res, Mme Suzanne Dansereau, en a fait l\u2019annonce aujourd\u2019hui au nom du ministre de l\u2019\u00c9conomie et de l\u2019Innovation et ministre responsable de la r\u00e9gion de Lanaudi\u00e8re, M. Pierre Fitzgibbon.<\/p>\n<p>CVTCORP est un chef de file dans la conception et le d\u00e9veloppement de transmissions m\u00e9caniques \u00e0 variation continue (mCVT) pour les v\u00e9hicules agricoles et de construction \u00e0 haute puissance. Ce produit, qui permet aux fabricants d\u2019\u00e9quipements de r\u00e9duire la taille du moteur tout en offrant une facilit\u00e9 op\u00e9rationnelle in\u00e9gal\u00e9e et l\u2019am\u00e9lioration des performances globales des v\u00e9hicules allant de 20 % \u00e0 30 %, a n\u00e9cessit\u00e9 plus de quinze ans de d\u00e9veloppement par les ing\u00e9nieurs de CVTCORP. La mCVT permet aux v\u00e9hicules de br\u00fbler moins de carburant et de r\u00e9duire leurs \u00e9missions de GES.<\/p>\n<p>Citations :<\/p>\n<p>\u00ab L\u2019une des priorit\u00e9s de notre gouvernement consiste \u00e0 revitaliser les r\u00e9gions et \u00e0 les rendre encore plus prosp\u00e8res. C\u2019est pourquoi plusieurs programmes, outils et leviers financiers sont mis \u00e0 la disposition des entreprises manufacturi\u00e8res afin qu\u2019elles puissent maximiser leur performance. La Mont\u00e9r\u00e9gie est une r\u00e9gion productive et active dans plusieurs secteurs d\u2019activit\u00e9, et CVTCORP le confirme avec l\u2019investissement annonc\u00e9 aujourd\u2019hui. Nous sommes fiers de participer \u00e0 la r\u00e9alisation d\u2019un projet cr\u00e9ateur d\u2019emplois. \u00bb<\/p>\n<p><em>Christian Dub\u00e9, ministre responsable de l\u2019Administration gouvernementale, pr\u00e9sident du Conseil du tr\u00e9sor et ministre responsable de la r\u00e9gion de la Mont\u00e9r\u00e9gie<\/em><\/p>\n<p>\u00ab Le secteur manufacturier qu\u00e9b\u00e9cois demeure l\u2019un des secteurs qui produit le plus de richesse. Notre gouvernement veut rendre le Qu\u00e9bec industriel encore plus novateur, productif et comp\u00e9titif \u00e0 l\u2019\u00e9chelle r\u00e9gionale, nationale et internationale. Favoriser l\u2019innovation, augmenter les investissements et renforcer la capacit\u00e9 de production des PME deviennent des incontournables pour atteindre cet objectif. On ne peut parler de croissance des entreprises sans parler d\u2019int\u00e9gration des nouvelles technologies. Gr\u00e2ce \u00e0 ce projet innovant et prometteur, CVTCORP assure sa croissance \u00e0 long terme. \u00bb<\/p>\n<p><em>Pierre Fitzgibbon, ministre de l\u2019\u00c9conomie et de l\u2019Innovation et ministre responsable de la r\u00e9gion de Lanaudi\u00e8re<\/em><\/p>\n<p>\u00ab En menant \u00e0 terme son projet, CVTCORP renforce la vitalit\u00e9 de la r\u00e9gion au b\u00e9n\u00e9fice de<br \/>\nl\u2019ensemble de la communaut\u00e9 et, particuli\u00e8rement, des travailleurs. Le Qu\u00e9bec poss\u00e8de un<br \/>\nimmense potentiel \u00e9conomique et celui-ci doit \u00eatre optimis\u00e9 et mis \u00e0 profit. De fait, les entreprises<br \/>\nqui priorisent la recherche et le d\u00e9veloppement, qui int\u00e8grent les nouvelles technologies et qui<br \/>\ns\u2019adaptent rapidement aux demandes du march\u00e9 seront en mesure de saisir plus rapidement les<br \/>\noccasions d\u2019affaires qui se pr\u00e9sentent. \u00bb<\/p>\n<p><em>Suzanne Dansereau, d\u00e9put\u00e9e de Verch\u00e8res<\/em><\/p>\n<p>\u00ab Dans notre r\u00e9gion, nous avons beaucoup de travailleurs tr\u00e8s comp\u00e9tents et sp\u00e9cialis\u00e9s. Nous<br \/>\nvoulons en tirer profit au moyen de cet investissement, qui nous permettra de nous int\u00e9grer<br \/>\nverticalement gr\u00e2ce \u00e0 l\u2019acquisition d\u2019\u00e9quipements manufacturiers \u00e0 la fine pointe de la<br \/>\ntechnologie. Ceux-ci r\u00e9duiront nos co\u00fbts de fabrication et, surtout, les d\u00e9lais de mise en<br \/>\nproduction, en plus d\u2019acc\u00e9l\u00e9rer le d\u00e9veloppement de nouveaux produits. La flexibilit\u00e9 que nous<br \/>\nprocure cette int\u00e9gration verticale est un avantage comp\u00e9titif majeur par rapport \u00e0 nos autres<br \/>\nconcurrents. \u00bb<\/p>\n<p><em>Daniel Girard, pr\u00e9sident fondateur de CVTCORP<\/em><\/p>\n<p><strong>Faits saillants :<\/strong><\/p>\n<ul>\n<li>CVTCORP a \u00e9t\u00e9 fond\u00e9e en 2001. Les installations de Sainte-Julie comptent actuellement 50 employ\u00e9s, dont 25 se consacrent aux activit\u00e9s de recherche et d\u00e9veloppement. L\u2019usine actuelle a la capacit\u00e9 de produire environ 1 000 unit\u00e9s par ann\u00e9e.<\/li>\n<li>Le programme ESSOR appuie des projets d\u2019investissement r\u00e9alis\u00e9s au Qu\u00e9bec. Il vise notamment \u00e0 soutenir les entreprises, en particulier celles du secteur manufacturier, qui veulent investir dans des \u00e9quipements et des technologies de pointe en vue d\u2019am\u00e9liorer leur comp\u00e9titivit\u00e9. Ce programme soutient \u00e9galement les projets num\u00e9riques d\u2019entreprises qu\u00e9b\u00e9coises exer\u00e7ant des activit\u00e9s \u00e0 valeur ajout\u00e9e et dont le secteur d\u2019activit\u00e9 vit une transformation associ\u00e9e aux nouvelles technologies.<\/li>\n<\/ul>\n<p><strong>Lien connexe :<\/strong><br \/>\nPour recevoir en temps r\u00e9el les communiqu\u00e9s de presse du minist\u00e8re de l\u2019\u00c9conomie et de l\u2019Innovation, inscrivez-vous au fil RSS appropri\u00e9 au <a title=\"economie\" href=\"http:\/\/www.economie.gouv.qc.ca\/rss\" target=\"_blank\" rel=\"noopener noreferrer\">www.economie.gouv.qc.ca\/rss<\/a>.<\/p>\n<p><strong>Minist\u00e8re de l\u2019\u00c9conomie et de l\u2019Innovation sur les r\u00e9seaux sociaux :<\/strong><\/p>\n<ul>\n<li>Twitter : <a title=\"twitter\" href=\"https:\/\/twitter.com\/economie_quebec\" target=\"_blank\" rel=\"noopener noreferrer\">twitter.com\/economie_quebec<\/a><\/li>\n<li>Facebook : <a title=\"facebook\" href=\"http:\/\/www.facebook.com\/EconomieQc\" target=\"_blank\" rel=\"noopener noreferrer\">www.facebook.com\/EconomieQc<\/a><\/li>\n<li>LinkedIn : <a title=\"LinkedIN\" href=\"http:\/\/www.linkedin.com\/company\/\u00e9conomie-qu\u00e9bec\" target=\"_blank\" rel=\"noopener noreferrer\">www.linkedin.com\/company\/\u00e9conomie-qu\u00e9bec<\/a><\/li>\n<li>YouTube : <a title=\"Youtube\" href=\"http:\/\/www.youtube.com\/user\/MDEIEQuebec\" target=\"_blank\" rel=\"noopener noreferrer\">www.youtube.com\/user\/MDEIEQuebec<\/a><\/li>\n<\/ul>\n<p><strong>Sources :<\/strong><\/p>\n<p><em>Myrian Marotte<\/em><br \/>\n<em>Attach\u00e9e de presse<\/em><br \/>\nCabinet du ministre responsable de l\u2019Administration<br \/>\ngouvernementale, pr\u00e9sident du Conseil du tr\u00e9sor<br \/>\net ministre responsable de la r\u00e9gion de la Mont\u00e9r\u00e9gie<br \/>\nT\u00e9l. : 418 643-5926<\/p>\n<p><em>Mathieu St-Amand<\/em><br \/>\n<em>Attach\u00e9 de presse<\/em><br \/>\nCabinet du ministre de l\u2019\u00c9conomie<br \/>\net de l\u2019Innovation et ministre responsable<br \/>\nde la r\u00e9gion de Lanaudi\u00e8re<br \/>\nT\u00e9l. : 418 691-5650<\/p>\n<p><em>Sarah Leclerc<\/em><br \/>\n<em>Attach\u00e9e de presse<\/em><br \/>\nBureau de la d\u00e9put\u00e9e de Verch\u00e8res<br \/>\nT\u00e9l. : 450 652-4419<br \/>\nInformation :<\/p>\n<p><em>Jean-Pierre D\u2019Auteuil<\/em><br \/>\n<em>Responsable des relations m\u00e9dias<\/em><br \/>\nDirection des communications<br \/>\nMinist\u00e8re de l\u2019\u00c9conomie et de l\u2019Innovation<br \/>\nT\u00e9l. : 418 691-5698, poste 4868<br \/>\nCell. : 418 559-0710<\/p>\n","protected":false},"excerpt":{"rendered":"<p>Sainte-Julie, le 24 janvier 2020. \u2013 Le gouvernement du Qu\u00e9bec consent une aide financi\u00e8re de 5 millions de dollars sous forme d\u2019une prise de participation \u00e0 l\u2019entreprise Transmission CVTCORP (CVTCORP) afin qu\u2019elle puisse mener \u00e0 terme le d\u00e9veloppement de certains produits et renforcer sa capacit\u00e9 de production. La somme vers\u00e9e pour appuyer ce projet \u00e9valu\u00e9 [&hellip;]<\/p>\n","protected":false},"author":3,"featured_media":0,"comment_status":"closed","ping_status":"closed","sticky":false,"template":"","format":"standard","meta":[],"categories":[11],"_links":{"self":[{"href":"https:\/\/telesystem.ca\/fr\/wp-json\/wp\/v2\/posts\/2861"}],"collection":[{"href":"https:\/\/telesystem.ca\/fr\/wp-json\/wp\/v2\/posts"}],"about":[{"href":"https:\/\/telesystem.ca\/fr\/wp-json\/wp\/v2\/types\/post"}],"author":[{"embeddable":true,"href":"https:\/\/telesystem.ca\/fr\/wp-json\/wp\/v2\/users\/3"}],"replies":[{"embeddable":true,"href":"https:\/\/telesystem.ca\/fr\/wp-json\/wp\/v2\/comments?post=2861"}],"version-history":[{"count":1,"href":"https:\/\/telesystem.ca\/fr\/wp-json\/wp\/v2\/posts\/2861\/revisions"}],"predecessor-version":[{"id":2862,"href":"https:\/\/telesystem.ca\/fr\/wp-json\/wp\/v2\/posts\/2861\/revisions\/2862"}],"wp:attachment":[{"href":"https:\/\/telesystem.ca\/fr\/wp-json\/wp\/v2\/media?parent=2861"}],"wp:term":[{"taxonomy":"category","embeddable":true,"href":"https:\/\/telesystem.ca\/fr\/wp-json\/wp\/v2\/categories?post=2861"}],"curies":[{"name":"wp","href":"https:\/\/api.w.org\/{rel}","templated":true}]}}