{"id":3391,"date":"2022-08-01T00:00:09","date_gmt":"2022-08-01T05:00:09","guid":{"rendered":"https:\/\/telesystem.ca\/?p=3391\/"},"modified":"2022-08-31T13:08:15","modified_gmt":"2022-08-31T18:08:15","slug":"annonce-de-la-nomination-de-frederic-pelletier-au-poste-de-scientifique-en-chef-pour-la-connaissance-de-la-situation-spatiale-chez-northstar-ciel-et-terre","status":"publish","type":"post","link":"https:\/\/telesystem.ca\/fr\/communiques\/annonce-de-la-nomination-de-frederic-pelletier-au-poste-de-scientifique-en-chef-pour-la-connaissance-de-la-situation-spatiale-chez-northstar-ciel-et-terre\/","title":{"rendered":"Annonce de la nomination de Fr\u00e9d\u00e9ric Pelletier au poste de scientifique en chef pour la connaissance de la situation spatiale chez NorthStar Ciel et Terre"},"content":{"rendered":"<div class=\"entry-content post-content\">\n<div id=\"vc_row-630fa32ec3a53\" class=\"vc_row wpb_row vc_row-fluid thegem-custom-630fa32ec3a18596\">\n<div class=\"wpb_column vc_column_container vc_col-sm-9 thegem-custom-630fa32ec74736416\">\n<div class=\"vc_column-inner \">\n<div class=\"wpb_wrapper\">\n<div class=\"wpb_text_column wpb_content_element \">\n<div class=\"wpb_wrapper\">\n<p><span data-contrast=\"auto\"><strong>Montr\u00e9al, le 1er AO\u00dbT 2022<\/strong>\u00a0\u2013 NorthStar Ciel et Terre sont fiers d\u2019annoncer la nomination de Fr\u00e9d\u00e9ric Pelletier au poste de scientifique en chef pour la connaissance en situation spatiale (SSA<\/span><span data-contrast=\"auto\">) \u00e0 compter du 1er ao\u00fbt 2022. Le scientifique en chef de SSA conseillera l\u2019entreprise sur les orientations \u00e0 prendre\u00a0<\/span><span data-contrast=\"auto\">en d\u00e9veloppements scientifiques et techniques futures afin de r\u00e9pondre aux besoins changeants de l\u2019entreprise. NorthStar Ciel et Terre op\u00e8re dans un domaine hautement technique aux intersections de l\u2019a\u00e9rospatiale, du Big Data, du d\u00e9veloppement de logiciels et de la science et technologie. NorthStar doit relevr les d\u00e9fis et les opportunit\u00e9s \u00e0 court et \u00e0 long terme pour rester \u00e0 l\u2019avant-garde concurrentielle du march\u00e9 et de l\u2019<\/span><span data-contrast=\"auto\">\u00e9volution rapide\u00a0<\/span><span data-contrast=\"auto\">de la connaissance en situation spatiale (SSA).<\/span><span data-ccp-props=\"{&quot;335551550&quot;:6,&quot;335551620&quot;:6}\">\u00a0<\/span><\/p>\n<p><span data-contrast=\"auto\">Maintenant que NorthStar a franchi avec succ\u00e8s des \u00e9tapes importantes pour positionner ses produits uniques afin de fournir des services SSA spatiaux rapides et pr\u00e9cis, Fred deviendra membre de l\u2019\u00e9quipe de direction et agira en tant qu\u2019autorit\u00e9 principale sur les questions relatives aux \u00e9l\u00e9ments scientifiques de l\u2019offre globale de NorthStar en mati\u00e8re de ses services SSA commerciaux spatiaux uniques.\u00a0<\/span><span data-ccp-props=\"{&quot;335551550&quot;:6,&quot;335551620&quot;:6}\">\u00a0<\/span><\/p>\n<p><span data-contrast=\"auto\">Pour de plus amples renseignements, lire\u00a0<\/span><a href=\"https:\/\/northstar-data.com\/fr\/le-quebecois-frederic-pelletier-dirige-%e2%80%aflexploration-la-plus-lointaine-dun-corps-planetaire-dans-lhistoire%e2%80%af\/\"><i><span data-contrast=\"auto\">Le Qu\u00e9b\u00e9cois Fr\u00e9d\u00e9ric Pelletier dirige \u00ab\u202fl\u2019exploration la plus lointaine d\u2019un corps plan\u00e9taire dans l\u2019histoire\u202f\u00bb.<\/span><\/i><\/a><span data-ccp-props=\"{&quot;335551550&quot;:6,&quot;335551620&quot;:6}\">\u00a0<\/span><\/p>\n<p><strong>Pour les m\u00e9dias\u202f:<\/strong><\/p>\n<p><span data-contrast=\"auto\">Relations publiques de NorthStar :\u00a0<a href=\"mailto:media@northstar-data.com\">media@northstar-data.com<\/a><\/span><\/p>\n<\/div>\n<\/div>\n<div class=\"vc_empty_space\"><\/div>\n<\/div>\n<\/div>\n<\/div>\n<\/div>\n<\/div>\n<div class=\"socials-sharing socials socials-colored-hover\"><i class=\"socials-item-icon facebook\"><\/i>\u00a0<i class=\"socials-item-icon twitter\"><\/i>\u00a0<i class=\"socials-item-icon pinterest\"><\/i>\u00a0<i class=\"socials-item-icon tumblr\"><\/i>\u00a0<i class=\"socials-item-icon linkedin\"><\/i>\u00a0<i class=\"socials-item-icon reddit\"><\/i><\/div>\n","protected":false},"excerpt":{"rendered":"<p>Montr\u00e9al, le 1er AO\u00dbT 2022\u00a0\u2013 NorthStar Ciel et Terre sont fiers d\u2019annoncer la nomination de Fr\u00e9d\u00e9ric Pelletier au poste de scientifique en chef pour la connaissance en situation spatiale (SSA) \u00e0 compter du 1er ao\u00fbt 2022. Le scientifique en chef de SSA conseillera l\u2019entreprise sur les orientations \u00e0 prendre\u00a0en d\u00e9veloppements scientifiques et techniques futures afin [&hellip;]<\/p>\n","protected":false},"author":3,"featured_media":0,"comment_status":"closed","ping_status":"closed","sticky":false,"template":"","format":"standard","meta":[],"categories":[11],"_links":{"self":[{"href":"https:\/\/telesystem.ca\/fr\/wp-json\/wp\/v2\/posts\/3391"}],"collection":[{"href":"https:\/\/telesystem.ca\/fr\/wp-json\/wp\/v2\/posts"}],"about":[{"href":"https:\/\/telesystem.ca\/fr\/wp-json\/wp\/v2\/types\/post"}],"author":[{"embeddable":true,"href":"https:\/\/telesystem.ca\/fr\/wp-json\/wp\/v2\/users\/3"}],"replies":[{"embeddable":true,"href":"https:\/\/telesystem.ca\/fr\/wp-json\/wp\/v2\/comments?post=3391"}],"version-history":[{"count":1,"href":"https:\/\/telesystem.ca\/fr\/wp-json\/wp\/v2\/posts\/3391\/revisions"}],"predecessor-version":[{"id":3392,"href":"https:\/\/telesystem.ca\/fr\/wp-json\/wp\/v2\/posts\/3391\/revisions\/3392"}],"wp:attachment":[{"href":"https:\/\/telesystem.ca\/fr\/wp-json\/wp\/v2\/media?parent=3391"}],"wp:term":[{"taxonomy":"category","embeddable":true,"href":"https:\/\/telesystem.ca\/fr\/wp-json\/wp\/v2\/categories?post=3391"}],"curies":[{"name":"wp","href":"https:\/\/api.w.org\/{rel}","templated":true}]}}